{"id":969,"date":"2025-01-19T21:36:04","date_gmt":"2025-01-19T21:36:04","guid":{"rendered":"https:\/\/ledenonciateur224.com\/?p=969"},"modified":"2025-01-19T21:36:04","modified_gmt":"2025-01-19T21:36:04","slug":"lunion-internationale-des-savanekounda-unissons-nous-pour-le-developpement-et-la-preservation-de-notre-heritage-commun","status":"publish","type":"post","link":"https:\/\/ledenonciateur224.com\/index.php\/lunion-internationale-des-savanekounda-unissons-nous-pour-le-developpement-et-la-preservation-de-notre-heritage-commun\/","title":{"rendered":"L&rsquo;Union Internationale des Savan\u00e9kounda : Unissons-nous pour le d\u00e9veloppement et la pr\u00e9servation de notre h\u00e9ritage commun"},"content":{"rendered":"<div dir=\"auto\">L&rsquo;Union Internationale des Savan\u00e9kounda, pr\u00e9sid\u00e9e par Abdoul Razack Savan\u00e9, se veut un v\u00e9ritable mouvement de rassemblement et d\u2019unification pour les membres de la famille Savan\u00e9 \u00e0 travers le monde. L&rsquo;objectif de cette organisation est de transcender les divisions ethniques internes, telles que celles qui opposent les Peuls, Malink\u00e9s, et Soussous, et de cr\u00e9er un r\u00e9seau fort et solidaire de Savan\u00e9s, ancr\u00e9s dans une identit\u00e9 commune. Selon Abdoul Razack Savan\u00e9, l\u2019unit\u00e9 doit primer, car \u00ab nous partageons tous une m\u00eame origine et une m\u00eame histoire \u00bb.<\/div>\n<div dir=\"auto\"><\/div>\n<div dir=\"auto\"><\/div>\n<div dir=\"auto\">L\u2019histoire de cette union commence par un constat fait par la famille Savan\u00e9 : les membres de cette grande famille sont souvent divis\u00e9s selon leurs origines g\u00e9ographiques et ethniques, comme ceux des r\u00e9gions de la Haute Guin\u00e9e, du Foutah, ou encore de la Basse Guin\u00e9e. Ces divisions, malgr\u00e9 leurs sp\u00e9cificit\u00e9s culturelles, ont conduit \u00e0 un sentiment de fragmentation. Dans le but de r\u00e9concilier ces divergences, l\u2019initiative de cr\u00e9er une association unificatrice a \u00e9t\u00e9 lanc\u00e9e. Ce projet, initialement nomm\u00e9 \u00ab\u00a0Grande Famille Savan\u00e9\u00a0\u00bb, a rapidement \u00e9volu\u00e9 pour devenir l&rsquo;Union Internationale des Savan\u00e9kounda, apr\u00e8s la fusion avec d&rsquo;autres structures existantes.<\/div>\n<div dir=\"auto\"><\/div>\n<p><img loading=\"lazy\" decoding=\"async\" class=\"alignnone size-medium wp-image-968\" src=\"https:\/\/ledenonciateur224.com\/wp-content\/uploads\/2025\/01\/img-20250119-wa0164-300x135.jpg\" alt=\"\" width=\"300\" height=\"135\" srcset=\"https:\/\/ledenonciateur224.com\/wp-content\/uploads\/2025\/01\/img-20250119-wa0164-300x135.jpg 300w, https:\/\/ledenonciateur224.com\/wp-content\/uploads\/2025\/01\/img-20250119-wa0164-1024x461.jpg 1024w, https:\/\/ledenonciateur224.com\/wp-content\/uploads\/2025\/01\/img-20250119-wa0164-768x346.jpg 768w, https:\/\/ledenonciateur224.com\/wp-content\/uploads\/2025\/01\/img-20250119-wa0164-150x68.jpg 150w, https:\/\/ledenonciateur224.com\/wp-content\/uploads\/2025\/01\/img-20250119-wa0164-696x313.jpg 696w, https:\/\/ledenonciateur224.com\/wp-content\/uploads\/2025\/01\/img-20250119-wa0164-1068x481.jpg 1068w, https:\/\/ledenonciateur224.com\/wp-content\/uploads\/2025\/01\/img-20250119-wa0164-933x420.jpg 933w, https:\/\/ledenonciateur224.com\/wp-content\/uploads\/2025\/01\/img-20250119-wa0164.jpg 1280w\" sizes=\"auto, (max-width: 300px) 100vw, 300px\" \/><\/p>\n<div dir=\"auto\"><\/div>\n<div dir=\"auto\">Aujourd\u2019hui, l\u2019Union repr\u00e9sente un vaste r\u00e9seau, non seulement en Guin\u00e9e, mais \u00e9galement au-del\u00e0 des fronti\u00e8res africaines. Des antennes ont \u00e9t\u00e9 mises en place dans de nombreux pays de la sous-r\u00e9gion ouest-africaine, telles que la Sierra Leone, la Gambie, le S\u00e9n\u00e9gal et la C\u00f4te d&rsquo;Ivoire. L\u2019influence de l\u2019Union ne se limite pas \u00e0 l\u2019Afrique : elle s\u2019\u00e9tend \u00e9galement \u00e0 l\u2019Asie, avec une repr\u00e9sentation \u00e0 Tokyo, et m\u00eame aux \u00c9tats-Unis. Ce r\u00e9seau mondial vise \u00e0 f\u00e9d\u00e9rer les Savan\u00e9s o\u00f9 qu&rsquo;ils soient, afin qu\u2019ils puissent se retrouver autour de leurs racines communes.<\/div>\n<div dir=\"auto\"><\/div>\n<div dir=\"auto\">L\u2019une des missions fondamentales de cette organisation est le d\u00e9veloppement de la Guin\u00e9e, pays d&rsquo;origine des Savan\u00e9s. Abdoul Razack Savan\u00e9 affirme que \u00ab le d\u00e9veloppement ne viendra pas des r\u00e9alit\u00e9s ext\u00e9rieures, mais bien de ce que nous pouvons construire avec nos propres ressources \u00bb. Le message est clair : les Savan\u00e9s doivent se tourner vers leur pays d&rsquo;origine pour investir, cr\u00e9er de l&#8217;emploi et contribuer au bien-\u00eatre collectif. \u00c0 travers cette initiative, l&rsquo;Union souhaite renforcer le lien entre les Savan\u00e9s et la Guin\u00e9e, tout en stimulant l\u2019auto-investissement et l&rsquo;engagement dans les projets de d\u00e9veloppement national.<\/div>\n<div dir=\"auto\"><\/div>\n<div dir=\"auto\">Par ailleurs, l\u2019Union ne se contente pas de promouvoir l\u2019unit\u00e9, mais met \u00e9galement en place des m\u00e9canismes pour r\u00e9gler les conflits internes \u00e0 la communaut\u00e9. Dans cette optique, des \u00ab\u00a0Sotik\u00e8moko\u00a0\u00bb, sages respect\u00e9s, seront d\u00e9sign\u00e9s et install\u00e9s \u00e0 Conakry et dans toutes les r\u00e9gions de la Guin\u00e9e. Ces figures de m\u00e9diation auront pour r\u00f4le de r\u00e9soudre les diff\u00e9rends entre les membres de la communaut\u00e9 Savan\u00e9, contribuant ainsi \u00e0 une coh\u00e9sion durable au sein de l\u2019organisation.<\/div>\n<div dir=\"auto\"><\/div>\n<div dir=\"auto\"><img loading=\"lazy\" decoding=\"async\" class=\"alignnone size-medium wp-image-970\" src=\"https:\/\/ledenonciateur224.com\/wp-content\/uploads\/2025\/01\/img-20250119-wa0166-300x135.jpg\" alt=\"\" width=\"300\" height=\"135\" srcset=\"https:\/\/ledenonciateur224.com\/wp-content\/uploads\/2025\/01\/img-20250119-wa0166-300x135.jpg 300w, https:\/\/ledenonciateur224.com\/wp-content\/uploads\/2025\/01\/img-20250119-wa0166-1024x461.jpg 1024w, https:\/\/ledenonciateur224.com\/wp-content\/uploads\/2025\/01\/img-20250119-wa0166-768x346.jpg 768w, https:\/\/ledenonciateur224.com\/wp-content\/uploads\/2025\/01\/img-20250119-wa0166-150x68.jpg 150w, https:\/\/ledenonciateur224.com\/wp-content\/uploads\/2025\/01\/img-20250119-wa0166-696x313.jpg 696w, https:\/\/ledenonciateur224.com\/wp-content\/uploads\/2025\/01\/img-20250119-wa0166-1068x481.jpg 1068w, https:\/\/ledenonciateur224.com\/wp-content\/uploads\/2025\/01\/img-20250119-wa0166-933x420.jpg 933w, https:\/\/ledenonciateur224.com\/wp-content\/uploads\/2025\/01\/img-20250119-wa0166.jpg 1280w\" sizes=\"auto, (max-width: 300px) 100vw, 300px\" \/><\/div>\n<div dir=\"auto\"><\/div>\n<div dir=\"auto\">L\u2019un des enjeux majeurs soulign\u00e9 par Abdoul Razack Savan\u00e9 est celui de l\u2019identit\u00e9 et de la reconnaissance mutuelle. \u00ab Certains Savan\u00e9s se consid\u00e8rent comme plus \u00ab\u00a0authentiques\u00a0\u00bb que d&rsquo;autres en fonction de leur origine g\u00e9ographique \u00bb, d\u00e9plore-t-il. Par exemple, un Savan\u00e9 de Haute Guin\u00e9e pourrait se consid\u00e9rer plus \u00ab\u00a0Savan\u00e9\u00a0\u00bb qu&rsquo;un Savan\u00e9 de Basse Guin\u00e9e ou de Guin\u00e9e foresti\u00e8re. Cette perception, selon lui, divise inutilement la communaut\u00e9 et emp\u00eache l\u2019\u00e9panouissement d\u2019un v\u00e9ritable esprit de fraternit\u00e9. C\u2019est pourquoi l\u2019Union pr\u00f4ne une reconnaissance de tous les Savan\u00e9s comme appartenant \u00e0 une m\u00eame lign\u00e9e, celle de Boundou, leur terre d&rsquo;origine. Ainsi, quelle que soit leur provenance, tous les Savan\u00e9s doivent se voir comme unis dans leur h\u00e9ritage et leurs valeurs.<\/div>\n<div dir=\"auto\"><\/div>\n<div dir=\"auto\">Cette philosophie de l\u2019unit\u00e9 et de la solidarit\u00e9 s&rsquo;\u00e9tend bien au-del\u00e0 des simples consid\u00e9rations ethniques. Elle concerne \u00e9galement la construction d\u2019un avenir commun pour tous les Guin\u00e9ens. L\u2019objectif ultime de l\u2019Union Internationale des Savan\u00e9kounda est de rassembler la communaut\u00e9 autour d\u2019un projet collectif de d\u00e9veloppement, en d\u00e9passant les clivages politiques et les int\u00e9r\u00eats \u00e9go\u00efstes, pour \u0153uvrer ensemble \u00e0 la prosp\u00e9rit\u00e9 de la Guin\u00e9e.<\/div>\n<div dir=\"auto\"><\/div>\n<div dir=\"auto\"><img loading=\"lazy\" decoding=\"async\" class=\"alignnone size-medium wp-image-971\" src=\"https:\/\/ledenonciateur224.com\/wp-content\/uploads\/2025\/01\/img-20250119-wa0140-300x135.jpg\" alt=\"\" width=\"300\" height=\"135\" srcset=\"https:\/\/ledenonciateur224.com\/wp-content\/uploads\/2025\/01\/img-20250119-wa0140-300x135.jpg 300w, https:\/\/ledenonciateur224.com\/wp-content\/uploads\/2025\/01\/img-20250119-wa0140-768x346.jpg 768w, https:\/\/ledenonciateur224.com\/wp-content\/uploads\/2025\/01\/img-20250119-wa0140-150x68.jpg 150w, https:\/\/ledenonciateur224.com\/wp-content\/uploads\/2025\/01\/img-20250119-wa0140-696x313.jpg 696w, https:\/\/ledenonciateur224.com\/wp-content\/uploads\/2025\/01\/img-20250119-wa0140-933x420.jpg 933w, https:\/\/ledenonciateur224.com\/wp-content\/uploads\/2025\/01\/img-20250119-wa0140.jpg 1020w\" sizes=\"auto, (max-width: 300px) 100vw, 300px\" \/><\/div>\n<div dir=\"auto\"><\/div>\n<div dir=\"auto\">Pour Abdoul Razack Savan\u00e9, la cr\u00e9ation de cette Union est bien plus qu\u2019un simple acte de rassemblement. C\u2019est une d\u00e9marche consciente pour redonner aux Savan\u00e9s, et plus largement aux Guin\u00e9ens, la force de s\u2019unir autour de leur h\u00e9ritage, de leurs ressources et de leur avenir commun. \u00c0 travers ce projet ambitieux, l\u2019Union des Savan\u00e9kounda esp\u00e8re jouer un r\u00f4le moteur dans la transformation sociale et \u00e9conomique de la Guin\u00e9e et de la diaspora guin\u00e9enne \u00e0 travers le monde.<\/div>\n<div dir=\"auto\"><\/div>\n<div dir=\"auto\">En conclusion, l\u2019Union Internationale des Savan\u00e9kounda incarne une vision d\u2019unit\u00e9 et de solidarit\u00e9 pour les Savan\u00e9s, transcendant les barri\u00e8res r\u00e9gionales et ethniques. Elle repr\u00e9sente un v\u00e9ritable espoir pour le d\u00e9veloppement de la Guin\u00e9e et la cr\u00e9ation de liens solides entre les membres de cette grande famille, o\u00f9 qu\u2019ils se trouvent dans le monde.<\/div>\n<div dir=\"auto\"><\/div>\n<div dir=\"auto\"><\/div>\n<div dir=\"auto\">Ledenonciateur224.com<\/div>\n<div dir=\"auto\"><\/div>\n","protected":false},"excerpt":{"rendered":"<p>L&rsquo;Union Internationale des Savan\u00e9kounda, pr\u00e9sid\u00e9e par Abdoul Razack Savan\u00e9, se veut un v\u00e9ritable mouvement de rassemblement et d\u2019unification pour les membres de la famille Savan\u00e9 \u00e0 travers le monde. L&rsquo;objectif de cette organisation est de transcender les divisions ethniques internes, telles que celles qui opposent les Peuls, Malink\u00e9s, et Soussous, et de cr\u00e9er un r\u00e9seau [&hellip;]<\/p>\n","protected":false},"author":2,"featured_media":972,"comment_status":"open","ping_status":"open","sticky":false,"template":"","format":"standard","meta":{"_jetpack_memberships_contains_paid_content":false,"footnotes":"","jetpack_publicize_message":"","jetpack_publicize_feature_enabled":true,"jetpack_social_post_already_shared":false,"jetpack_social_options":{"image_generator_settings":{"template":"highway","default_image_id":0,"font":"","enabled":false},"version":2}},"categories":[30,24],"tags":[217],"class_list":{"0":"post-969","1":"post","2":"type-post","3":"status-publish","4":"format-standard","5":"has-post-thumbnail","7":"category-faits-divers","8":"category-news","9":"tag-la-famille-savane-en-guinee"},"jetpack_publicize_connections":[],"jetpack_featured_media_url":"https:\/\/ledenonciateur224.com\/wp-content\/uploads\/2025\/01\/img-20250119-wa0162-1.jpg","jetpack_sharing_enabled":true,"_links":{"self":[{"href":"https:\/\/ledenonciateur224.com\/index.php\/wp-json\/wp\/v2\/posts\/969","targetHints":{"allow":["GET"]}}],"collection":[{"href":"https:\/\/ledenonciateur224.com\/index.php\/wp-json\/wp\/v2\/posts"}],"about":[{"href":"https:\/\/ledenonciateur224.com\/index.php\/wp-json\/wp\/v2\/types\/post"}],"author":[{"embeddable":true,"href":"https:\/\/ledenonciateur224.com\/index.php\/wp-json\/wp\/v2\/users\/2"}],"replies":[{"embeddable":true,"href":"https:\/\/ledenonciateur224.com\/index.php\/wp-json\/wp\/v2\/comments?post=969"}],"version-history":[{"count":0,"href":"https:\/\/ledenonciateur224.com\/index.php\/wp-json\/wp\/v2\/posts\/969\/revisions"}],"wp:featuredmedia":[{"embeddable":true,"href":"https:\/\/ledenonciateur224.com\/index.php\/wp-json\/wp\/v2\/media\/972"}],"wp:attachment":[{"href":"https:\/\/ledenonciateur224.com\/index.php\/wp-json\/wp\/v2\/media?parent=969"}],"wp:term":[{"taxonomy":"category","embeddable":true,"href":"https:\/\/ledenonciateur224.com\/index.php\/wp-json\/wp\/v2\/categories?post=969"},{"taxonomy":"post_tag","embeddable":true,"href":"https:\/\/ledenonciateur224.com\/index.php\/wp-json\/wp\/v2\/tags?post=969"}],"curies":[{"name":"wp","href":"https:\/\/api.w.org\/{rel}","templated":true}]}}