{"id":977,"date":"2025-01-20T07:24:02","date_gmt":"2025-01-20T07:24:02","guid":{"rendered":"https:\/\/ledenonciateur224.com\/?p=977"},"modified":"2025-01-20T07:24:02","modified_gmt":"2025-01-20T07:24:02","slug":"mamadou-sylla-reelu-pour-un-nouveau-mandat-de-cinq-ans-a-la-tete-de-ludg","status":"publish","type":"post","link":"https:\/\/ledenonciateur224.com\/index.php\/mamadou-sylla-reelu-pour-un-nouveau-mandat-de-cinq-ans-a-la-tete-de-ludg\/","title":{"rendered":"Mamadou Sylla r\u00e9\u00e9lu pour un nouveau mandat de cinq ans \u00e0 la t\u00eate de l\u2019UDG"},"content":{"rendered":"<p><span style=\"color: #373737;font-family: archivo\">Le dimanche 19 janvier 2025, Elhadj Mamadou Sylla a \u00e9t\u00e9 r\u00e9\u00e9lu \u00e0 la pr\u00e9sidence de l\u2019Union D\u00e9mocratique de Guin\u00e9e (UDG) lors du congr\u00e8s \u00e9lectif du parti, qui s\u2019est tenu dans un climat de grande mobilisation \u00e0 Conakry. Cette r\u00e9\u00e9lection marque le d\u00e9but d&rsquo;un nouveau mandat de cinq ans pour l\u2019homme politique, reconnu pour son influence croissante sur la sc\u00e8ne politique guin\u00e9enne.<\/span><\/p>\n<p>&nbsp;<\/p>\n<p><span style=\"color: #373737;font-family: archivo\">Lors de ce congr\u00e8s crucial, Elhadj Mamadou Sylla a fait face \u00e0 deux autres candidats, \u00e0 savoir l\u2019honorable Dr Moussa Soumah et l\u2019honorable Marie Deen Tour\u00e9. Le premier a recueilli 33 voix et la seconde 49 voix. Cependant, c\u2019est Elhadj Mamadou Sylla qui a remport\u00e9 une large majorit\u00e9 avec 201 voix, un score qui t\u00e9moigne de la solidit\u00e9 de son soutien au sein du parti. Cette victoire souligne la confiance renouvel\u00e9e des militants envers son leadership et son projet politique.<\/span><\/p>\n<p>&nbsp;<\/p>\n<p><span style=\"color: #373737;font-family: archivo\">L\u2019UDG, qui aspire \u00e0 un r\u00f4le plus d\u00e9terminant dans le paysage politique guin\u00e9en, voit en cette r\u00e9\u00e9lection un signal fort de la stabilit\u00e9 interne et de l\u2019unit\u00e9 du parti. En d\u00e9pit des d\u00e9fis multiples, le parti entend jouer un r\u00f4le majeur dans la transition politique du pays et dans les processus \u00e9lectoraux \u00e0 venir. \u00c0 travers ce congr\u00e8s, l\u2019UDG r\u00e9affirme son engagement \u00e0 d\u00e9fendre les int\u00e9r\u00eats du peuple guin\u00e9en et \u00e0 promouvoir une d\u00e9mocratie plus inclusive et plus participative.<\/span><\/p>\n<p>&nbsp;<\/p>\n<p><span style=\"color: #373737;font-family: archivo\">Sous la direction d\u2019Elhadj Mamadou Sylla, l\u2019Union D\u00e9mocratique de Guin\u00e9e se pr\u00e9pare \u00e0 affronter les d\u00e9fis majeurs des prochaines ann\u00e9es. L&rsquo;une des priorit\u00e9s de l&rsquo;UDG sera de se pr\u00e9parer aux \u00e9lections qui marqueront la fin de la transition militaire, un moment d\u00e9cisif pour la d\u00e9mocratie du pays. L\u2019UDG entend ainsi renforcer sa position parmi les forces politiques majeures et travailler \u00e0 la consolidation de la paix et de la stabilit\u00e9 nationale.<\/span><\/p>\n<p>&nbsp;<\/p>\n<p><span style=\"color: #373737;font-family: archivo\">La r\u00e9\u00e9lection d&rsquo;Elhadj Mamadou Sylla \u00e0 la t\u00eate de l\u2019UDG est un \u00e9v\u00e9nement marquant qui symbolise non seulement la continuit\u00e9 de son leadership, mais aussi la volont\u00e9 du parti de participer activement aux enjeux politiques qui fa\u00e7onneront l\u2019avenir de la Guin\u00e9e.<\/span><\/p>\n<p>&nbsp;<\/p>\n<p>&nbsp;<\/p>\n<p>Ledenonciateur224.com<\/p>\n","protected":false},"excerpt":{"rendered":"<p>Le dimanche 19 janvier 2025, Elhadj Mamadou Sylla a \u00e9t\u00e9 r\u00e9\u00e9lu \u00e0 la pr\u00e9sidence de l\u2019Union D\u00e9mocratique de Guin\u00e9e (UDG) lors du congr\u00e8s \u00e9lectif du parti, qui s\u2019est tenu dans un climat de grande mobilisation \u00e0 Conakry. Cette r\u00e9\u00e9lection marque le d\u00e9but d&rsquo;un nouveau mandat de cinq ans pour l\u2019homme politique, reconnu pour son influence [&hellip;]<\/p>\n","protected":false},"author":2,"featured_media":978,"comment_status":"open","ping_status":"open","sticky":false,"template":"","format":"standard","meta":{"_jetpack_memberships_contains_paid_content":false,"footnotes":"","jetpack_publicize_message":"","jetpack_publicize_feature_enabled":true,"jetpack_social_post_already_shared":false,"jetpack_social_options":{"image_generator_settings":{"template":"highway","default_image_id":0,"font":"","enabled":false},"version":2}},"categories":[24,27],"tags":[221,220],"class_list":{"0":"post-977","1":"post","2":"type-post","3":"status-publish","4":"format-standard","5":"has-post-thumbnail","7":"category-news","8":"category-politique","9":"tag-congres-electif","10":"tag-udg-mamadou-sylla"},"jetpack_publicize_connections":[],"jetpack_featured_media_url":"https:\/\/ledenonciateur224.com\/wp-content\/uploads\/2025\/01\/20250119-130304-scaled-1.jpg","jetpack_sharing_enabled":true,"_links":{"self":[{"href":"https:\/\/ledenonciateur224.com\/index.php\/wp-json\/wp\/v2\/posts\/977","targetHints":{"allow":["GET"]}}],"collection":[{"href":"https:\/\/ledenonciateur224.com\/index.php\/wp-json\/wp\/v2\/posts"}],"about":[{"href":"https:\/\/ledenonciateur224.com\/index.php\/wp-json\/wp\/v2\/types\/post"}],"author":[{"embeddable":true,"href":"https:\/\/ledenonciateur224.com\/index.php\/wp-json\/wp\/v2\/users\/2"}],"replies":[{"embeddable":true,"href":"https:\/\/ledenonciateur224.com\/index.php\/wp-json\/wp\/v2\/comments?post=977"}],"version-history":[{"count":0,"href":"https:\/\/ledenonciateur224.com\/index.php\/wp-json\/wp\/v2\/posts\/977\/revisions"}],"wp:featuredmedia":[{"embeddable":true,"href":"https:\/\/ledenonciateur224.com\/index.php\/wp-json\/wp\/v2\/media\/978"}],"wp:attachment":[{"href":"https:\/\/ledenonciateur224.com\/index.php\/wp-json\/wp\/v2\/media?parent=977"}],"wp:term":[{"taxonomy":"category","embeddable":true,"href":"https:\/\/ledenonciateur224.com\/index.php\/wp-json\/wp\/v2\/categories?post=977"},{"taxonomy":"post_tag","embeddable":true,"href":"https:\/\/ledenonciateur224.com\/index.php\/wp-json\/wp\/v2\/tags?post=977"}],"curies":[{"name":"wp","href":"https:\/\/api.w.org\/{rel}","templated":true}]}}