{"id":982,"date":"2025-01-20T18:53:20","date_gmt":"2025-01-20T18:53:20","guid":{"rendered":"https:\/\/ledenonciateur224.com\/?p=982"},"modified":"2025-01-20T18:53:20","modified_gmt":"2025-01-20T18:53:20","slug":"le-proces-de-kassory-fofana-a-la-crief-la-defense-denonce-une-parodie-de-justice","status":"publish","type":"post","link":"https:\/\/ledenonciateur224.com\/index.php\/le-proces-de-kassory-fofana-a-la-crief-la-defense-denonce-une-parodie-de-justice\/","title":{"rendered":"Le proc\u00e8s de Kassory Fofana \u00e0 la CRIEF : La d\u00e9fense d\u00e9nonce une \u00ab\u00a0parodie de justice\u00a0\u00bb"},"content":{"rendered":"<p><span style=\"color: #333333;font-family: helvetica neue, helvetica, roboto, arial, sans-serif\">Le 20 janvier 2025, la Cour de R\u00e9pression des Infractions \u00c9conomiques et Financi\u00e8res (CRIEF) a poursuivi son examen du dossier impliquant l&rsquo;ex-Premier ministre Ibrahima Kassory Fofana, accus\u00e9 de d\u00e9tournement de fonds publics, d\u2019enrichissement illicite et de blanchiment de capitaux, portant sur une somme estim\u00e9e \u00e0 15 milliards de francs guin\u00e9ens. Le minist\u00e8re public a requis une lourde peine contre l&rsquo;ex-Premier ministre, incluant cinq ans de prison ferme, une amende de 5 milliards GNF et la saisie de tous ses avoirs, notamment ses comptes bancaires.<\/span><\/p>\n<p>&nbsp;<\/p>\n<p><span style=\"color: #333333;font-family: helvetica neue, helvetica, roboto, arial, sans-serif\">L\u2019audience, d&rsquo;une grande importance tant sur le plan judiciaire que politique, a pris une tournure inattendue lorsque les avocats de la d\u00e9fense ont annonc\u00e9 leur d\u00e9cision de ne pas plaider. Toujours hospitalis\u00e9 pour des raisons de sant\u00e9, Dr Kassory Fofana a vu son \u00e9quipe juridique qualifier ce proc\u00e8s de \u00ab\u00a0simple parodie de justice\u00a0\u00bb, qu&rsquo;ils jugent politis\u00e9e et visant \u00e0 nuire \u00e0 leur client.<\/span><\/p>\n<p>&nbsp;<\/p>\n<p><span style=\"color: #333333;font-family: helvetica neue, helvetica, roboto, arial, sans-serif\">Me Sidiki B\u00e9r\u00e9t\u00e9, un membre du collectif de d\u00e9fense, a exprim\u00e9 son m\u00e9contentement apr\u00e8s l\u2019audience, rejetant fermement les accusations. Devant la presse, il a fustig\u00e9 ce qu\u2019il consid\u00e8re comme une instrumentalisation de la justice \u00e0 des fins politiques, d\u00e9non\u00e7ant la nature infond\u00e9e des accusations port\u00e9es contre son client. Il a notamment pr\u00e9cis\u00e9 que les 15 milliards de francs guin\u00e9ens \u00e9voqu\u00e9s par le procureur faisaient r\u00e9f\u00e9rence au fonds MAMRI (Mission d\u2019Appui \u00e0 la Mobilisation des Ressources Int\u00e9rieures), et non \u00e0 un enrichissement personnel de Dr Kassory Fofana. Selon lui, ces fonds avaient \u00e9t\u00e9 g\u00e9r\u00e9s dans le cadre d\u2019un projet d&rsquo;envergure visant \u00e0 renforcer les capacit\u00e9s de mobilisation des ressources internes de l&rsquo;\u00c9tat, et non pour des fins personnelles.<\/span><\/p>\n<p>&nbsp;<\/p>\n<p><span style=\"color: #333333;font-family: helvetica neue, helvetica, roboto, arial, sans-serif\">Me B\u00e9r\u00e9t\u00e9 a \u00e9galement mis en \u00e9vidence des incoh\u00e9rences dans le dossier, citant des entreprises, y compris celle d\u2019un ministre actuel, qui ont b\u00e9n\u00e9fici\u00e9 de march\u00e9s attribu\u00e9s dans le cadre du projet MAMRI, ce qui, selon lui, soul\u00e8ve des questions sur la mani\u00e8re dont les fonds ont \u00e9t\u00e9 r\u00e9partis. Il a affirm\u00e9 que certaines accusations manquaient de fondement et que l&rsquo;\u00c9tat, en cherchant \u00e0 justifier ces 15 milliards, avait peine \u00e0 fournir des preuves tangibles. \u00ab\u00a0Si l&rsquo;on demande des comptes \u00e0 Kassory, pourquoi ne pas poser les m\u00eames questions \u00e0 ceux qui ont b\u00e9n\u00e9fici\u00e9 de ces march\u00e9s ?\u00a0\u00bb, a-t-il interrog\u00e9.<\/span><\/p>\n<p>&nbsp;<\/p>\n<p><span style=\"color: #333333;font-family: helvetica neue, helvetica, roboto, arial, sans-serif\">Plus largement, l\u2019avocat a insist\u00e9 sur le caract\u00e8re injuste du traitement r\u00e9serv\u00e9 \u00e0 Dr Kassory Fofana. \u00ab\u00a0Au d\u00e9part, on a dit que Kassory \u00e9tait propri\u00e9taire de Plaza Diamond. Aujourd&rsquo;hui, on affirme qu&rsquo;il a pay\u00e9 un appartement&#8230; Cela n&rsquo;a aucun sens\u00a0\u00bb, a d\u00e9nonc\u00e9 Me B\u00e9r\u00e9t\u00e9, soulignant que son client \u00e9tait accus\u00e9 de faits dont il n\u2019\u00e9tait pas responsable. Il a rappel\u00e9 que l&rsquo;ex-Premier ministre, apr\u00e8s avoir consacr\u00e9 plus de 40 ans au service de l&rsquo;\u00c9tat guin\u00e9en, est actuellement en d\u00e9tention pr\u00e9ventive, alors qu\u2019il n\u2019avait m\u00eame pas la gestion des fonds dont il est accus\u00e9 d\u2019avoir d\u00e9tourn\u00e9.<\/span><\/p>\n<p>&nbsp;<\/p>\n<p><span style=\"color: #333333;font-family: helvetica neue, helvetica, roboto, arial, sans-serif\">L&rsquo;avocat a \u00e9galement soulign\u00e9 la situation de sant\u00e9 de Dr Kassory Fofana, rappelant que celui-ci est actuellement hospitalis\u00e9 et que ses demandes d\u2019\u00e9vacuation sanitaire avaient \u00e9t\u00e9 rejet\u00e9es par la Cour. \u00ab\u00a0Kassory est malade, il est en d\u00e9tention politique, et cela fait trois ans qu&rsquo;il subit cette injustice\u00a0\u00bb, a martel\u00e9 Me B\u00e9r\u00e9t\u00e9, qui a soulign\u00e9 les lourdes cons\u00e9quences humaines de cette proc\u00e9dure judiciaire.<\/span><\/p>\n<p>&nbsp;<\/p>\n<p><span style=\"color: #333333;font-family: helvetica neue, helvetica, roboto, arial, sans-serif\">Ce proc\u00e8s, qui se d\u00e9roule dans un contexte politique tendu, soul\u00e8ve de nombreuses questions sur la s\u00e9paration des pouvoirs en Guin\u00e9e et la mani\u00e8re dont la justice est utilis\u00e9e dans le traitement des affaires sensibles impliquant des personnalit\u00e9s politiques. Alors que la CRIEF se pr\u00e9pare \u00e0 rendre son verdict, le collectif de d\u00e9fense de Dr Kassory Fofana continue de d\u00e9noncer ce qu\u2019il consid\u00e8re comme une man\u0153uvre visant \u00e0 discr\u00e9diter un homme qui a consacr\u00e9 sa vie \u00e0 l\u2019\u00c9tat.<\/span><\/p>\n<p>&nbsp;<\/p>\n<p><span style=\"color: #333333;font-family: helvetica neue, helvetica, roboto, arial, sans-serif\">Me Sidiki B\u00e9r\u00e9t\u00e9 a d\u2019ores et d\u00e9j\u00e0 annonc\u00e9 son intention de faire appel du jugement si la Cour d\u00e9cide de condamner son client, et a promis de poursuivre la lutte pour faire \u00e9clater la v\u00e9rit\u00e9 et rendre justice \u00e0 Dr Kassory Fofana. La suite de ce proc\u00e8s pourrait avoir des r\u00e9percussions profondes sur le paysage politique et judiciaire guin\u00e9en, tant il est devenu un symbole de la lutte contre l&rsquo;impunit\u00e9 et de l&rsquo;usage de la justice \u00e0 des fins politiques.<\/span><\/p>\n<p>&nbsp;<\/p>\n<p>&nbsp;<\/p>\n<p>Ledenonciateur224.com<\/p>\n","protected":false},"excerpt":{"rendered":"<p>Le 20 janvier 2025, la Cour de R\u00e9pression des Infractions \u00c9conomiques et Financi\u00e8res (CRIEF) a poursuivi son examen du dossier impliquant l&rsquo;ex-Premier ministre Ibrahima Kassory Fofana, accus\u00e9 de d\u00e9tournement de fonds publics, d\u2019enrichissement illicite et de blanchiment de capitaux, portant sur une somme estim\u00e9e \u00e0 15 milliards de francs guin\u00e9ens. Le minist\u00e8re public a requis [&hellip;]<\/p>\n","protected":false},"author":2,"featured_media":983,"comment_status":"open","ping_status":"open","sticky":false,"template":"","format":"standard","meta":{"_jetpack_memberships_contains_paid_content":false,"footnotes":"","jetpack_publicize_message":"","jetpack_publicize_feature_enabled":true,"jetpack_social_post_already_shared":false,"jetpack_social_options":{"image_generator_settings":{"template":"highway","default_image_id":0,"font":"","enabled":false},"version":2}},"categories":[30,24],"tags":[36,37,78,35],"class_list":{"0":"post-982","1":"post","2":"type-post","3":"status-publish","4":"format-standard","5":"has-post-thumbnail","7":"category-faits-divers","8":"category-news","9":"tag-conakry","10":"tag-crief","11":"tag-dr-ibrahima-kassory-fofana","12":"tag-guinee"},"jetpack_publicize_connections":[],"jetpack_featured_media_url":"https:\/\/ledenonciateur224.com\/wp-content\/uploads\/2025\/01\/me-sidiki-berete-750x375-1.jpg","jetpack_sharing_enabled":true,"_links":{"self":[{"href":"https:\/\/ledenonciateur224.com\/index.php\/wp-json\/wp\/v2\/posts\/982","targetHints":{"allow":["GET"]}}],"collection":[{"href":"https:\/\/ledenonciateur224.com\/index.php\/wp-json\/wp\/v2\/posts"}],"about":[{"href":"https:\/\/ledenonciateur224.com\/index.php\/wp-json\/wp\/v2\/types\/post"}],"author":[{"embeddable":true,"href":"https:\/\/ledenonciateur224.com\/index.php\/wp-json\/wp\/v2\/users\/2"}],"replies":[{"embeddable":true,"href":"https:\/\/ledenonciateur224.com\/index.php\/wp-json\/wp\/v2\/comments?post=982"}],"version-history":[{"count":0,"href":"https:\/\/ledenonciateur224.com\/index.php\/wp-json\/wp\/v2\/posts\/982\/revisions"}],"wp:featuredmedia":[{"embeddable":true,"href":"https:\/\/ledenonciateur224.com\/index.php\/wp-json\/wp\/v2\/media\/983"}],"wp:attachment":[{"href":"https:\/\/ledenonciateur224.com\/index.php\/wp-json\/wp\/v2\/media?parent=982"}],"wp:term":[{"taxonomy":"category","embeddable":true,"href":"https:\/\/ledenonciateur224.com\/index.php\/wp-json\/wp\/v2\/categories?post=982"},{"taxonomy":"post_tag","embeddable":true,"href":"https:\/\/ledenonciateur224.com\/index.php\/wp-json\/wp\/v2\/tags?post=982"}],"curies":[{"name":"wp","href":"https:\/\/api.w.org\/{rel}","templated":true}]}}