{"id":985,"date":"2025-01-20T20:32:41","date_gmt":"2025-01-20T20:32:41","guid":{"rendered":"https:\/\/ledenonciateur224.com\/?p=985"},"modified":"2025-01-20T20:32:41","modified_gmt":"2025-01-20T20:32:41","slug":"donald-trump-inaugure-son-nouveau-mandat-un-discours-de-fermete-et-durgence-nationale","status":"publish","type":"post","link":"https:\/\/ledenonciateur224.com\/index.php\/donald-trump-inaugure-son-nouveau-mandat-un-discours-de-fermete-et-durgence-nationale\/","title":{"rendered":"Donald Trump inaugure son nouveau mandat : un discours de fermet\u00e9 et d\u2019urgence nationale"},"content":{"rendered":"<p><span style=\"color: #212529;font-family: georgia, lucida grande, lucida sans unicode, arial, verdana, sans-serif\">\u00a0Donald Trump a pr\u00eat\u00e9 serment ce lundi 20 janvier 2025, au Capitole, en tant que 47e Pr\u00e9sident des \u00c9tats-Unis. \u00c0 78 ans, le R\u00e9publicain \u00e9lu en novembre dernier reprend les r\u00eanes du Bureau Ovale, quatre ans apr\u00e8s un d\u00e9part tumultueux. Il succ\u00e8de \u00e0 Joe Biden, 82 ans, contraint de se retirer apr\u00e8s une campagne chaotique. Dans son discours d\u2019investiture, le pr\u00e9sident a r\u00e9affirm\u00e9 sa promesse de lutter contre la criminalit\u00e9 \u00e9trang\u00e8re et a annonc\u00e9 un \u00e9tat d\u2019urgence national sur la fronti\u00e8re sud.<\/span><\/p>\n<p>&nbsp;<\/p>\n<div dir=\"auto\"><ins><\/p>\n<div><\/div>\n<p><\/ins><\/div>\n<p>\u00ab\u00a0<em>Aujourd\u2019hui, je vais signer une s\u00e9rie de d\u00e9crets historiques, et par ces actions, nous allons commencer la restauration compl\u00e8te de l\u2019Am\u00e9rique. Tout d\u2019abord, je vais d\u00e9clarer un \u00e9tat d\u2019urgence national sur notre fronti\u00e8re sud. Toutes les entr\u00e9es ill\u00e9gales seront cass\u00e9es<\/em>\u00a0\u00bb, a promis le nouveau pr\u00e9sident des Etats-Unis \u00e9lus pour quatre ans avant de poursuivre<\/p>\n<p>&nbsp;<\/p>\n<div dir=\"auto\"><ins><\/p>\n<div><\/div>\n<p><\/ins><\/div>\n<p>\u00ab\u00a0<em>Sur les d\u00e9crets que je vais signer aujourd\u2019hui, nous allons d\u00e9signer les cartels de l\u2019organisation terroriste \u00e9trang\u00e8re. Et en invoquant l\u2019acte de 1798 des \u00e9trangers, je vais dire \u00e0 notre gouvernement d\u2019utiliser toutes les possibilit\u00e9s qui nous sont donn\u00e9es pour \u00e9liminer les grands \u00e9trangers criminels qui m\u00e8nent le crime et la d\u00e9vastation aux \u00c9tats-Unis sur le sol am\u00e9ricain . En tant que commandant-chef, je n\u2019ai pas d\u2019autre responsabilit\u00e9 que de d\u00e9fendre le pays contre les menaces. C\u2019est exactement ce que je vais faire<\/em>\u00a0\u00bb, a-t-il martel\u00e9.<\/p>\n<p>&nbsp;<\/p>\n<div dir=\"auto\"><ins><\/p>\n<div><\/div>\n<p><\/ins><\/div>\n<p>Donald Trump promet qu\u2019il va expulser des millions et des millions d\u2019immigr\u00e9s en situation irr\u00e9guli\u00e8re.<\/p>\n<p>\u00ab\u00a0<em>Toutes les entr\u00e9es ill\u00e9gales seront imm\u00e9diatement bloqu\u00e9es et nous allons commencer le processus de renvoi de millions et de millions de criminels \u00e9trangers d\u2019o\u00f9 ils viennent<\/em>\u00a0\u00bb, a-t-il annonc\u00e9.<\/p>\n<p>&nbsp;<\/p>\n<p>Ledenonciateur224.com<\/p>\n","protected":false},"excerpt":{"rendered":"<p>\u00a0Donald Trump a pr\u00eat\u00e9 serment ce lundi 20 janvier 2025, au Capitole, en tant que 47e Pr\u00e9sident des \u00c9tats-Unis. \u00c0 78 ans, le R\u00e9publicain \u00e9lu en novembre dernier reprend les r\u00eanes du Bureau Ovale, quatre ans apr\u00e8s un d\u00e9part tumultueux. Il succ\u00e8de \u00e0 Joe Biden, 82 ans, contraint de se retirer apr\u00e8s une campagne chaotique. [&hellip;]<\/p>\n","protected":false},"author":2,"featured_media":986,"comment_status":"open","ping_status":"open","sticky":false,"template":"","format":"standard","meta":{"_jetpack_memberships_contains_paid_content":false,"footnotes":"","jetpack_publicize_message":"","jetpack_publicize_feature_enabled":true,"jetpack_social_post_already_shared":false,"jetpack_social_options":{"image_generator_settings":{"template":"highway","default_image_id":0,"font":"","enabled":false},"version":2}},"categories":[38,24,27],"tags":[224,222,223],"class_list":{"0":"post-985","1":"post","2":"type-post","3":"status-publish","4":"format-standard","5":"has-post-thumbnail","7":"category-international","8":"category-news","9":"category-politique","10":"tag-47e-president-americain","11":"tag-donald-trump","12":"tag-washington"},"jetpack_publicize_connections":[],"jetpack_featured_media_url":"https:\/\/ledenonciateur224.com\/wp-content\/uploads\/2025\/01\/20250120-181045.jpg","jetpack_sharing_enabled":true,"_links":{"self":[{"href":"https:\/\/ledenonciateur224.com\/index.php\/wp-json\/wp\/v2\/posts\/985","targetHints":{"allow":["GET"]}}],"collection":[{"href":"https:\/\/ledenonciateur224.com\/index.php\/wp-json\/wp\/v2\/posts"}],"about":[{"href":"https:\/\/ledenonciateur224.com\/index.php\/wp-json\/wp\/v2\/types\/post"}],"author":[{"embeddable":true,"href":"https:\/\/ledenonciateur224.com\/index.php\/wp-json\/wp\/v2\/users\/2"}],"replies":[{"embeddable":true,"href":"https:\/\/ledenonciateur224.com\/index.php\/wp-json\/wp\/v2\/comments?post=985"}],"version-history":[{"count":0,"href":"https:\/\/ledenonciateur224.com\/index.php\/wp-json\/wp\/v2\/posts\/985\/revisions"}],"wp:featuredmedia":[{"embeddable":true,"href":"https:\/\/ledenonciateur224.com\/index.php\/wp-json\/wp\/v2\/media\/986"}],"wp:attachment":[{"href":"https:\/\/ledenonciateur224.com\/index.php\/wp-json\/wp\/v2\/media?parent=985"}],"wp:term":[{"taxonomy":"category","embeddable":true,"href":"https:\/\/ledenonciateur224.com\/index.php\/wp-json\/wp\/v2\/categories?post=985"},{"taxonomy":"post_tag","embeddable":true,"href":"https:\/\/ledenonciateur224.com\/index.php\/wp-json\/wp\/v2\/tags?post=985"}],"curies":[{"name":"wp","href":"https:\/\/api.w.org\/{rel}","templated":true}]}}