{"id":9950,"date":"2026-08-31T12:53:57","date_gmt":"2026-08-31T12:53:57","guid":{"rendered":"https:\/\/ledenonciateur224.com\/?p=9950"},"modified":"2026-08-31T12:53:57","modified_gmt":"2026-08-31T12:53:57","slug":"religion-guinee-en-action-mobilise-les-fideles-autour-du-saint-coran-pour-la-paix-et-lunite-nationale","status":"publish","type":"post","link":"https:\/\/ledenonciateur224.com\/index.php\/religion-guinee-en-action-mobilise-les-fideles-autour-du-saint-coran-pour-la-paix-et-lunite-nationale\/","title":{"rendered":"Religion : \u00ab Guin\u00e9e en Action \u00bb mobilise les fid\u00e8les autour du Saint Coran pour la paix et l\u2019unit\u00e9 nationale"},"content":{"rendered":"<p>L\u2019association \u00ab Guin\u00e9e en Action \u00bb a officiellement lanc\u00e9, ce vendredi, une vaste campagne spirituelle plac\u00e9e sous le signe de la paix, de la b\u00e9n\u00e9diction et de l\u2019unit\u00e9 nationale. L\u2019initiative, qui s\u2019\u00e9tendra aux treize communes de la capitale, vise \u00e0 rassembler les communaut\u00e9s religieuses autour de la lecture du Saint Coran et de s\u00e9ances de pri\u00e8res en faveur de la Guin\u00e9e.<\/p>\n<p>C\u2019est \u00e0 la grande mosqu\u00e9e de Boulbinet que l\u2019association \u00ab Guin\u00e9e en Action \u00bb a donn\u00e9 le coup d\u2019envoi de cette campagne. \u00c0 cette occasion, plusieurs lectures du Saint Coran ont \u00e9t\u00e9 effectu\u00e9es, accompagn\u00e9es de pri\u00e8res et de b\u00e9n\u00e9dictions pour la pr\u00e9servation de la paix, de la qui\u00e9tude sociale et de la coh\u00e9sion entre les citoyens.<\/p>\n<p>\u00c0 travers cette initiative citoyenne et spirituelle, les responsables de l\u2019association entendent contribuer, \u00e0 leur mani\u00e8re, au renforcement des valeurs de paix, d\u2019unit\u00e9, de fraternit\u00e9 et de solidarit\u00e9, consid\u00e9r\u00e9es comme des \u00e9l\u00e9ments essentiels pour accompagner le d\u00e9veloppement de la Guin\u00e9e.<\/p>\n<p>Le projet ne se limitera toutefois pas \u00e0 la commune de Boulbinet. Selon les organisateurs, les activit\u00e9s se poursuivront dans chacune des treize communes de la capitale. Dans chaque commune, des s\u00e9ances de pri\u00e8res, de b\u00e9n\u00e9dictions et de lecture du Saint Coran seront organis\u00e9es afin de favoriser une participation massive des populations et de cr\u00e9er des moments de communion entre les citoyens.<\/p>\n<p><img loading=\"lazy\" decoding=\"async\" class=\"alignnone size-full wp-image-9951\" src=\"https:\/\/ledenonciateur224.com\/wp-content\/uploads\/2026\/08\/img-20260831-wa0047.jpg\" alt=\"\" width=\"1020\" height=\"471\" srcset=\"https:\/\/ledenonciateur224.com\/wp-content\/uploads\/2026\/08\/img-20260831-wa0047.jpg 1020w, https:\/\/ledenonciateur224.com\/wp-content\/uploads\/2026\/08\/img-20260831-wa0047-300x139.jpg 300w, https:\/\/ledenonciateur224.com\/wp-content\/uploads\/2026\/08\/img-20260831-wa0047-768x355.jpg 768w, https:\/\/ledenonciateur224.com\/wp-content\/uploads\/2026\/08\/img-20260831-wa0047-150x69.jpg 150w, https:\/\/ledenonciateur224.com\/wp-content\/uploads\/2026\/08\/img-20260831-wa0047-696x321.jpg 696w, https:\/\/ledenonciateur224.com\/wp-content\/uploads\/2026\/08\/img-20260831-wa0047-910x420.jpg 910w\" sizes=\"auto, (max-width: 1020px) 100vw, 1020px\" \/><\/p>\n<p>Prenant la parole \u00e0 cette occasion, le pr\u00e9sident de l\u2019association \u00ab Guin\u00e9e en Action \u00bb, Ibrahima Sory Blacky Tour\u00e9, a insist\u00e9 sur la port\u00e9e nationale de cette initiative. Pour lui, cette campagne constitue avant tout un appel \u00e0 l\u2019unit\u00e9 et \u00e0 la responsabilit\u00e9 collective autour de la paix et de la stabilit\u00e9 du pays.<\/p>\n<p>\u00ab Aujourd\u2019hui, \u00e0 travers cette campagne spirituelle, l&rsquo;Association Guin\u00e9e en Action entend inviter les Guin\u00e9ens \u00e0 s&rsquo;unir dans la pri\u00e8re pour demander \u00e0 Dieu de pr\u00e9server la paix, de consolider l&rsquo;unit\u00e9 nationale, de favoriser la r\u00e9conciliation, de prot\u00e9ger les autorit\u00e9s et les citoyens, de b\u00e9nir les forces de d\u00e9fense et de s\u00e9curit\u00e9, et d&rsquo;accompagner les efforts de d\u00e9veloppement \u00e9conomique et social du pays \u00bb, a soulign\u00e9 le pr\u00e9sident de l\u2019association.<\/p>\n<p>Au-del\u00e0 de la dimension religieuse, cette d\u00e9marche se veut \u00e9galement un message de rassemblement adress\u00e9 \u00e0 l\u2019ensemble des composantes de la soci\u00e9t\u00e9 guin\u00e9enne. L\u2019association souhaite ainsi encourager les citoyens \u00e0 se retrouver autour de valeurs communes, notamment la solidarit\u00e9, la fraternit\u00e9, le respect mutuel et la pr\u00e9servation de la paix.<\/p>\n<p>Selon Ibrahima Sory Blacky Tour\u00e9, la pri\u00e8re constitue un moyen de renforcer l\u2019esp\u00e9rance et de consolider les liens sociaux, particuli\u00e8rement lorsqu\u2019elle s\u2019accompagne de l\u2019engagement et des efforts de chacun.<\/p>\n<p>\u00ab Cette initiative est un message d&rsquo;espoir et de rassemblement. Elle traduit la conviction que la pri\u00e8re, associ\u00e9e aux efforts de chaque citoyen, peut contribuer \u00e0 renforcer la coh\u00e9sion sociale et \u00e0 promouvoir un climat favorable au progr\u00e8s de la Nation \u00bb, a-t-il d\u00e9clar\u00e9.<\/p>\n<p><img loading=\"lazy\" decoding=\"async\" class=\"alignnone size-full wp-image-9952\" src=\"https:\/\/ledenonciateur224.com\/wp-content\/uploads\/2026\/08\/img-20260831-wa0048.jpg\" alt=\"\" width=\"658\" height=\"470\" srcset=\"https:\/\/ledenonciateur224.com\/wp-content\/uploads\/2026\/08\/img-20260831-wa0048.jpg 658w, https:\/\/ledenonciateur224.com\/wp-content\/uploads\/2026\/08\/img-20260831-wa0048-300x214.jpg 300w, https:\/\/ledenonciateur224.com\/wp-content\/uploads\/2026\/08\/img-20260831-wa0048-150x107.jpg 150w, https:\/\/ledenonciateur224.com\/wp-content\/uploads\/2026\/08\/img-20260831-wa0048-588x420.jpg 588w, https:\/\/ledenonciateur224.com\/wp-content\/uploads\/2026\/08\/img-20260831-wa0048-100x70.jpg 100w\" sizes=\"auto, (max-width: 658px) 100vw, 658px\" \/><\/p>\n<p>Pour assurer une large mobilisation autour de cette campagne, l\u2019association \u00ab Guin\u00e9e en Action \u00bb lance un appel \u00e0 l\u2019ensemble des acteurs de la soci\u00e9t\u00e9. Leaders religieux, imams, autorit\u00e9s locales, organisations de la soci\u00e9t\u00e9 civile, jeunes, femmes et citoyens de toutes les sensibilit\u00e9s sont invit\u00e9s \u00e0 prendre part aux diff\u00e9rentes \u00e9tapes de cette initiative.<\/p>\n<p>L\u2019objectif affich\u00e9 est de faire de ces rencontres des espaces de pri\u00e8re, mais \u00e9galement de partage, de sensibilisation et de communion autour des pr\u00e9occupations essentielles de la Nation.<\/p>\n<p>C\u2019est dans cette dynamique que le pr\u00e9sident de l\u2019association a rappel\u00e9 l\u2019importance d\u2019une participation collective \u00e0 cette mobilisation spirituelle en faveur de la Guin\u00e9e.<\/p>\n<p>\u00ab L&rsquo;Association Guin\u00e9e en Action invite l&rsquo;ensemble des leaders religieux, les imams, les autorit\u00e9s locales, les organisations de la soci\u00e9t\u00e9 civile, les jeunes, les femmes et tous les citoyens \u00e0 participer massivement \u00e0 cette grande mobilisation spirituelle pour la Guin\u00e9e \u00bb, a-t-il rappel\u00e9.<\/p>\n<p>\u00c0 travers cette campagne de lecture du Saint Coran et de pri\u00e8res, \u00ab Guin\u00e9e en Action \u00bb entend ainsi inscrire son action dans une d\u00e9marche de promotion de la paix, de la fraternit\u00e9 et de la solidarit\u00e9. Une initiative qui se veut \u00e9galement porteuse d\u2019espoir, dans la perspective d\u2019une Guin\u00e9e davantage unie autour de ses valeurs communes et de ses aspirations au d\u00e9veloppement.<\/p>\n<p>En r\u00e9affirmant son engagement en faveur de la coh\u00e9sion sociale et du vivre-ensemble, l\u2019association souhaite contribuer \u00e0 maintenir un climat de paix et de s\u00e9r\u00e9nit\u00e9, consid\u00e9r\u00e9 comme une condition indispensable aux efforts de d\u00e9veloppement du pays.<\/p>\n<p>\u00ab Aujourd\u2019hui, Guin\u00e9e en Action r\u00e9affirme ainsi son engagement \u00e0 promouvoir la paix, la fraternit\u00e9 et les valeurs de solidarit\u00e9, afin que la Guin\u00e9e poursuive son chemin vers un avenir de stabilit\u00e9, de prosp\u00e9rit\u00e9 et de d\u00e9veloppement durable \u00bb, a r\u00e9it\u00e9r\u00e9 M. Tour\u00e9.<\/p>\n<p>&nbsp;<\/p>\n","protected":false},"excerpt":{"rendered":"<p>L\u2019association \u00ab Guin\u00e9e en Action \u00bb a officiellement lanc\u00e9, ce vendredi, une vaste campagne spirituelle plac\u00e9e sous le signe de la paix, de la b\u00e9n\u00e9diction et de l\u2019unit\u00e9 nationale. L\u2019initiative, qui s\u2019\u00e9tendra aux treize communes de la capitale, vise \u00e0 rassembler les communaut\u00e9s religieuses autour de la lecture du Saint Coran et de s\u00e9ances de [&hellip;]<\/p>\n","protected":false},"author":2,"featured_media":9953,"comment_status":"closed","ping_status":"closed","sticky":false,"template":"","format":"standard","meta":{"_jetpack_newsletter_access":"","_jetpack_dont_email_post_to_subs":false,"_jetpack_newsletter_tier_id":0,"_jetpack_memberships_contains_paywalled_content":false,"_jetpack_feature_clip_id":0,"_jetpack_memberships_contains_paid_content":false,"footnotes":"","jetpack_publicize_message":"","jetpack_publicize_feature_enabled":true,"jetpack_social_post_already_shared":true,"jetpack_social_options":{"image_generator_settings":{"template":"highway","default_image_id":0,"font":"","enabled":false},"version":2},"jetpack_post_was_ever_published":false},"categories":[30,24],"tags":[514,385],"class_list":["post-9950","post","type-post","status-publish","format-standard","has-post-thumbnail","category-faits-divers","category-news","tag-paix-et-lunite-nationale","tag-priere"],"jetpack_publicize_connections":[],"jetpack_sharing_enabled":true,"jetpack_featured_media_url":"https:\/\/ledenonciateur224.com\/wp-content\/uploads\/2026\/08\/img-20260831-wa0049.jpg","_links":{"self":[{"href":"https:\/\/ledenonciateur224.com\/index.php\/wp-json\/wp\/v2\/posts\/9950","targetHints":{"allow":["GET"]}}],"collection":[{"href":"https:\/\/ledenonciateur224.com\/index.php\/wp-json\/wp\/v2\/posts"}],"about":[{"href":"https:\/\/ledenonciateur224.com\/index.php\/wp-json\/wp\/v2\/types\/post"}],"author":[{"embeddable":true,"href":"https:\/\/ledenonciateur224.com\/index.php\/wp-json\/wp\/v2\/users\/2"}],"replies":[{"embeddable":true,"href":"https:\/\/ledenonciateur224.com\/index.php\/wp-json\/wp\/v2\/comments?post=9950"}],"version-history":[{"count":1,"href":"https:\/\/ledenonciateur224.com\/index.php\/wp-json\/wp\/v2\/posts\/9950\/revisions"}],"predecessor-version":[{"id":9954,"href":"https:\/\/ledenonciateur224.com\/index.php\/wp-json\/wp\/v2\/posts\/9950\/revisions\/9954"}],"wp:featuredmedia":[{"embeddable":true,"href":"https:\/\/ledenonciateur224.com\/index.php\/wp-json\/wp\/v2\/media\/9953"}],"wp:attachment":[{"href":"https:\/\/ledenonciateur224.com\/index.php\/wp-json\/wp\/v2\/media?parent=9950"}],"wp:term":[{"taxonomy":"category","embeddable":true,"href":"https:\/\/ledenonciateur224.com\/index.php\/wp-json\/wp\/v2\/categories?post=9950"},{"taxonomy":"post_tag","embeddable":true,"href":"https:\/\/ledenonciateur224.com\/index.php\/wp-json\/wp\/v2\/tags?post=9950"}],"curies":[{"name":"wp","href":"https:\/\/api.w.org\/{rel}","templated":true}]}}