{"id":9965,"date":"2026-08-31T22:05:17","date_gmt":"2026-08-31T22:05:17","guid":{"rendered":"https:\/\/ledenonciateur224.com\/?p=9965"},"modified":"2026-08-31T22:05:17","modified_gmt":"2026-08-31T22:05:17","slug":"messi-tourne-la-page-de-lalbiceleste-la-legende-argentine-fait-ses-adieux","status":"publish","type":"post","link":"https:\/\/ledenonciateur224.com\/index.php\/messi-tourne-la-page-de-lalbiceleste-la-legende-argentine-fait-ses-adieux\/","title":{"rendered":"Messi tourne la page de l\u2019Albiceleste : la l\u00e9gende argentine fait ses adieux"},"content":{"rendered":"<p>C\u2019est une page monumentale du football mondial et de l\u2019histoire sportive argentine qui se tourne. Apr\u00e8s deux d\u00e9cennies \u00e0 porter, d\u00e9fendre et sublimer le maillot de l\u2019Albiceleste, Lionel Messi a officialis\u00e9 sa retraite internationale. Une d\u00e9cision longuement m\u00fbrie, douloureuse pour le capitaine champion du monde, mais qu\u2019il consid\u00e8re d\u00e9sormais comme irr\u00e9versible.<\/p>\n<p>L\u2019octuple Ballon d\u2019Or a annonc\u00e9 son choix dans une d\u00e9claration charg\u00e9e d\u2019\u00e9motion, adress\u00e9e au peuple argentin et \u00e0 tous les amoureux du football.<br \/>\n\u00ab Apr\u00e8s tout ce temps \u00e9coul\u00e9 depuis la finale, et apr\u00e8s y avoir beaucoup r\u00e9fl\u00e9chi, je veux annoncer \u00e0 tout le monde que je prends ma retraite de la s\u00e9lection nationale\u2026 C\u2019est une d\u00e9cision qui m\u2019a fait et me fait encore profond\u00e9ment mal, mais je comprends que le moment est venu \u00bb, \u00e9crit Leo Messi.<\/p>\n<figure id=\"attachment_9966\" aria-describedby=\"caption-attachment-9966\" style=\"width: 1024px\" class=\"wp-caption alignnone\"><img loading=\"lazy\" decoding=\"async\" class=\"size-full wp-image-9966\" src=\"https:\/\/ledenonciateur224.com\/wp-content\/uploads\/2026\/08\/messicdj-1025x1536-1.jpeg\" alt=\"\" width=\"1024\" height=\"1037\" srcset=\"https:\/\/ledenonciateur224.com\/wp-content\/uploads\/2026\/08\/messicdj-1025x1536-1.jpeg 1024w, https:\/\/ledenonciateur224.com\/wp-content\/uploads\/2026\/08\/messicdj-1025x1536-1-296x300.jpeg 296w, https:\/\/ledenonciateur224.com\/wp-content\/uploads\/2026\/08\/messicdj-1025x1536-1-1011x1024.jpeg 1011w, https:\/\/ledenonciateur224.com\/wp-content\/uploads\/2026\/08\/messicdj-1025x1536-1-768x778.jpeg 768w, https:\/\/ledenonciateur224.com\/wp-content\/uploads\/2026\/08\/messicdj-1025x1536-1-150x152.jpeg 150w, https:\/\/ledenonciateur224.com\/wp-content\/uploads\/2026\/08\/messicdj-1025x1536-1-300x304.jpeg 300w, https:\/\/ledenonciateur224.com\/wp-content\/uploads\/2026\/08\/messicdj-1025x1536-1-696x705.jpeg 696w, https:\/\/ledenonciateur224.com\/wp-content\/uploads\/2026\/08\/messicdj-1025x1536-1-415x420.jpeg 415w\" sizes=\"auto, (max-width: 1024px) 100vw, 1024px\" \/><figcaption id=\"caption-attachment-9966\" class=\"wp-caption-text\">CREATOR: gd-jpeg v1.0 (using IJG JPEG v80), quality = 82?<\/figcaption><\/figure>\n<p>De ses d\u00e9buts parfois contrast\u00e9s avec la s\u00e9lection jusqu\u2019au sacre mondial au Qatar en 2022, en passant par les nombreuses d\u00e9sillusions, Messi aura connu toutes les \u00e9motions sous le maillot argentin. Malgr\u00e9 les critiques et les p\u00e9riodes difficiles, il insiste sur la constance de son engagement.<br \/>\n\u00ab Je vous jure que j\u2019ai toujours tout donn\u00e9, pas seulement ces derni\u00e8res ann\u00e9es durant lesquelles nous avons tout gagn\u00e9, mais aussi avant. J\u2019ai toujours combattu et tout donn\u00e9 pour ce maillot, pour vous procurer de la joie et faire en sorte que vous soyez fiers d\u2019\u00eatre Argentins \u00e0 travers le football \u00bb, ajoute le natif de Rosario.<\/p>\n<p>Pour Messi, cette retraite est \u00e9galement une mani\u00e8re de laisser progressivement la place \u00e0 une nouvelle g\u00e9n\u00e9ration talentueuse, appel\u00e9e \u00e0 prendre le relais de l\u2019une des plus grandes \u00e9quipes de l\u2019histoire de l\u2019Argentine.<br \/>\n\u00ab Il reste peu de temps et certaines \u00e9tapes arrivent \u00e0 leur terme, et celle-ci me fait \u00e9norm\u00e9ment souffrir. J\u2019aime, j\u2019ai aim\u00e9 et j\u2019aimerai toujours \u00eatre en s\u00e9lection. Je me suis vid\u00e9, je n\u2019ai plus rien \u00e0 donner. Et puis, me rejoignent derri\u00e8re moi de tr\u00e8s jeunes joueurs qui ont \u00e9norm\u00e9ment de talent et qui m\u00e9ritent d\u2019\u00eatre l\u00e0 \u00bb.<br \/>\nApr\u00e8s avoir remerci\u00e9 ses proches, ses s\u00e9lectionneurs, la F\u00e9d\u00e9ration argentine et ses co\u00e9quipiers, le capitaine de l\u2019Albiceleste dit quitter la sc\u00e8ne internationale avec le sentiment du devoir accompli.<br \/>\n\u00ab Je pars avec la tranquillit\u00e9 d\u2019esprit et la fiert\u00e9 de vous avoir offert, avec mes co\u00e9quipiers, des moments dont nous avions r\u00eav\u00e9. C\u2019\u00e9tait compl\u00e8tement fou de les avoir v\u00e9cus avec vous. Je vous aime ! Merci \u00e0 Dieu de m\u2019avoir fait Argentin. \u00bb<br \/>\nD\u00e9sormais, Messi vivra les exploits de l\u2019Albiceleste autrement, depuis les tribunes et avec le regard d\u2019un supporter.<br \/>\n\u00ab Vous entendre depuis l\u2019int\u00e9rieur du stade va beaucoup me manquer. D\u00e9sormais, je serai l\u2019un des v\u00f4tres, \u00e0 encourager et \u00e0 soutenir toujours depuis l\u2019ext\u00e9rieur, dans les bons comme dans les mauvais moments, et encore plus dans les mauvais. \u00bb<br \/>\nLe champion r\u00e9v\u00e8le que sa d\u00e9cision avait d\u00e9j\u00e0 \u00e9t\u00e9 couch\u00e9e sur le papier le 21 juillet, soit deux jours seulement apr\u00e8s sa derni\u00e8re finale internationale. Des raisons familiales survenues r\u00e9cemment ont ensuite renforc\u00e9 sa conviction et d\u00e9finitivement scell\u00e9 son choix.<\/p>\n<p>Apr\u00e8s 20 ans sous le maillot de l\u2019Albiceleste, Lionel Messi quitte la s\u00e9lection avec des chiffres qui r\u00e9sument l\u2019immensit\u00e9 de son parcours : 207 matchs, 125 buts et 68 passes d\u00e9cisives.<\/p>\n<p>Son palmar\u00e8s international est \u00e0 la hauteur de sa l\u00e9gende : champion du monde en 2022, vainqueur de la Copa Am\u00e9rica en 2021 et 2024, de la Finalissima en 2022, champion olympique en 2008 et champion du monde U20 en 2005.<\/p>\n<p>Des titres, des records, des finales perdues, des critiques, puis la cons\u00e9cration ultime : le parcours de Messi avec l\u2019Argentine aura \u00e9t\u00e9 aussi mouvement\u00e9 qu\u2019exceptionnel. Mais au-del\u00e0 des statistiques et des troph\u00e9es, il restera surtout l\u2019image d\u2019un capitaine ayant conduit son pays au sommet du football mondial.<br \/>\nApr\u00e8s deux d\u00e9cennies d\u2019une aventure hors norme, le num\u00e9ro 10 referme donc le chapitre de la s\u00e9lection. Une l\u00e9gende s\u2019en va, mais son empreinte, elle, restera \u00e0 jamais grav\u00e9e dans l\u2019histoire de l\u2019Albiceleste.<\/p>\n<p>&nbsp;<\/p>\n<p>Focus pour Ledenonciateur224.com<\/p>\n","protected":false},"excerpt":{"rendered":"<p>C\u2019est une page monumentale du football mondial et de l\u2019histoire sportive argentine qui se tourne. Apr\u00e8s deux d\u00e9cennies \u00e0 porter, d\u00e9fendre et sublimer le maillot de l\u2019Albiceleste, Lionel Messi a officialis\u00e9 sa retraite internationale. Une d\u00e9cision longuement m\u00fbrie, douloureuse pour le capitaine champion du monde, mais qu\u2019il consid\u00e8re d\u00e9sormais comme irr\u00e9versible. L\u2019octuple Ballon d\u2019Or a [&hellip;]<\/p>\n","protected":false},"author":2,"featured_media":9967,"comment_status":"closed","ping_status":"closed","sticky":false,"template":"","format":"standard","meta":{"_jetpack_newsletter_access":"","_jetpack_dont_email_post_to_subs":false,"_jetpack_newsletter_tier_id":0,"_jetpack_memberships_contains_paywalled_content":false,"_jetpack_feature_clip_id":0,"_jetpack_memberships_contains_paid_content":false,"footnotes":"","jetpack_publicize_message":"","jetpack_publicize_feature_enabled":true,"jetpack_social_post_already_shared":true,"jetpack_social_options":{"image_generator_settings":{"template":"highway","default_image_id":0,"font":"","enabled":false},"version":2},"jetpack_post_was_ever_published":false},"categories":[38,24,34],"tags":[1858,1722],"class_list":["post-9965","post","type-post","status-publish","format-standard","has-post-thumbnail","category-international","category-news","category-sport","tag-argentine","tag-leonel-messi"],"jetpack_publicize_connections":[],"jetpack_sharing_enabled":true,"jetpack_featured_media_url":"https:\/\/ledenonciateur224.com\/wp-content\/uploads\/2026\/08\/fb-img-1788212064386.jpg","_links":{"self":[{"href":"https:\/\/ledenonciateur224.com\/index.php\/wp-json\/wp\/v2\/posts\/9965","targetHints":{"allow":["GET"]}}],"collection":[{"href":"https:\/\/ledenonciateur224.com\/index.php\/wp-json\/wp\/v2\/posts"}],"about":[{"href":"https:\/\/ledenonciateur224.com\/index.php\/wp-json\/wp\/v2\/types\/post"}],"author":[{"embeddable":true,"href":"https:\/\/ledenonciateur224.com\/index.php\/wp-json\/wp\/v2\/users\/2"}],"replies":[{"embeddable":true,"href":"https:\/\/ledenonciateur224.com\/index.php\/wp-json\/wp\/v2\/comments?post=9965"}],"version-history":[{"count":1,"href":"https:\/\/ledenonciateur224.com\/index.php\/wp-json\/wp\/v2\/posts\/9965\/revisions"}],"predecessor-version":[{"id":9968,"href":"https:\/\/ledenonciateur224.com\/index.php\/wp-json\/wp\/v2\/posts\/9965\/revisions\/9968"}],"wp:featuredmedia":[{"embeddable":true,"href":"https:\/\/ledenonciateur224.com\/index.php\/wp-json\/wp\/v2\/media\/9967"}],"wp:attachment":[{"href":"https:\/\/ledenonciateur224.com\/index.php\/wp-json\/wp\/v2\/media?parent=9965"}],"wp:term":[{"taxonomy":"category","embeddable":true,"href":"https:\/\/ledenonciateur224.com\/index.php\/wp-json\/wp\/v2\/categories?post=9965"},{"taxonomy":"post_tag","embeddable":true,"href":"https:\/\/ledenonciateur224.com\/index.php\/wp-json\/wp\/v2\/tags?post=9965"}],"curies":[{"name":"wp","href":"https:\/\/api.w.org\/{rel}","templated":true}]}}