{"id":9981,"date":"2026-09-02T08:22:38","date_gmt":"2026-09-02T08:22:38","guid":{"rendered":"https:\/\/ledenonciateur224.com\/?p=9981"},"modified":"2026-09-02T08:22:38","modified_gmt":"2026-09-02T08:22:38","slug":"regulation-des-reseaux-sociaux-boubacar-yacine-diallo-prend-les-renes-de-la-pra-uemoa-guinee","status":"publish","type":"post","link":"https:\/\/ledenonciateur224.com\/index.php\/regulation-des-reseaux-sociaux-boubacar-yacine-diallo-prend-les-renes-de-la-pra-uemoa-guinee\/","title":{"rendered":"R\u00e9gulation des r\u00e9seaux sociaux : Boubacar Yacine Diallo prend les r\u00eanes de la PRA-UEMOA-Guin\u00e9e"},"content":{"rendered":"<p>La 12\u1d49 Assembl\u00e9e g\u00e9n\u00e9rale de la Plateforme des R\u00e9gulateurs de l\u2019Audiovisuel des Pays Membres de l\u2019UEMOA et de la Guin\u00e9e (PRA-UEMOA-Guin\u00e9e) a pris fin ce mardi 1er septembre 2026 \u00e0 Conakry. Au terme de deux jours d\u2019\u00e9changes consacr\u00e9s notamment aux enjeux de la r\u00e9gulation des r\u00e9seaux sociaux, le pr\u00e9sident de la Haute Autorit\u00e9 de la Communication (HAC) de Guin\u00e9e, Boubacar Yacine Diallo, a \u00e9t\u00e9 \u00e9lu pr\u00e9sident de la plateforme pour un mandat de deux ans. Il sera second\u00e9 par le Nig\u00e9rien Ibrahim Manzo Diallo, pr\u00e9sident de l\u2019Observatoire nig\u00e9rien de la communication, \u00e9lu vice-pr\u00e9sident.<br \/>\nPlac\u00e9es sous le th\u00e8me \u00ab La r\u00e9gulation des r\u00e9seaux sociaux face aux d\u00e9fis de la cybers\u00e9curit\u00e9 et de la pr\u00e9servation de la coh\u00e9sion sociale : quels m\u00e9canismes harmonis\u00e9s pour l\u2019UEMOA et la Guin\u00e9e ? \u00bb, les assises ont r\u00e9uni plusieurs responsables des organes de r\u00e9gulation des m\u00e9dias de l\u2019espace UEMOA et de la Guin\u00e9e.<\/p>\n<p>\u00c0 l\u2019issue des travaux, les participants ont pos\u00e9 les bases d\u2019une approche concert\u00e9e face aux mutations du paysage m\u00e9diatique et num\u00e9rique. Dans son discours apr\u00e8s son \u00e9lection, Boubacar Yacine Diallo a remerci\u00e9 ses homologues pour la confiance accord\u00e9e et appel\u00e9 \u00e0 une coop\u00e9ration renforc\u00e9e entre les diff\u00e9rents r\u00e9gulateurs.<br \/>\nQuatre priorit\u00e9s pour le nouveau mandat<br \/>\nLe nouveau pr\u00e9sident de la PRA-UEMOA-Guin\u00e9e a annonc\u00e9 quatre axes majeurs pour les deux prochaines ann\u00e9es : l\u2019harmonisation progressive des cadres juridiques, la mise en place d\u2019un m\u00e9canisme r\u00e9gional de veille et d\u2019alerte, l\u2019adoption d\u2019une position commune dans le dialogue avec les grandes plateformes num\u00e9riques, ainsi que le renforcement de l\u2019\u00e9ducation aux m\u00e9dias et des capacit\u00e9s des instances de r\u00e9gulation.<br \/>\nBoubacar Yacine Diallo entend \u00e9galement inscrire son mandat sous le signe de l\u2019\u00e9coute, de la solidarit\u00e9 et de la coop\u00e9ration entre les organes de r\u00e9gulation. Il souhaite notamment faire de la HAC de Guin\u00e9e un moteur d\u2019une dynamique r\u00e9gionale capable d\u2019apporter des r\u00e9ponses coordonn\u00e9es aux d\u00e9fis li\u00e9s aux r\u00e9seaux sociaux, \u00e0 la cybers\u00e9curit\u00e9 et \u00e0 la d\u00e9sinformation.<\/p>\n<p>Selon lui, les exp\u00e9riences acquises par les r\u00e9gulateurs africains \u00e0 travers diff\u00e9rentes missions d\u2019immersion, notamment \u00e0 Cotonou, Abidjan, Lom\u00e9, N\u2019Djamena et Ouagadougou, montrent que le continent dispose d\u00e9j\u00e0 d\u2019une expertise significative en mati\u00e8re de r\u00e9gulation des m\u00e9dias et du num\u00e9rique. Ces \u00e9changes devraient contribuer \u00e0 acc\u00e9l\u00e9rer la r\u00e9gulation des r\u00e9seaux sociaux, sans tomber dans la censure.<\/p>\n<p>Au-del\u00e0 de sa nouvelle responsabilit\u00e9 r\u00e9gionale, le pr\u00e9sident de la HAC a r\u00e9affirm\u00e9 son engagement en faveur de la professionnalisation du secteur de la communication en Guin\u00e9e.<br \/>\nIl a notamment assur\u00e9 que les actions d\u2019assainissement engag\u00e9es par la HAC ne visent pas \u00e0 restreindre la libert\u00e9 de la presse, mais \u00e0 renforcer la cr\u00e9dibilit\u00e9 et la qualit\u00e9 de la profession. Il a ainsi d\u00e9clar\u00e9 vouloir consacrer son mandat \u00e0 une presse guin\u00e9enne \u00ab jeune et redynamis\u00e9e \u00bb.<\/p>\n<p>Au terme des deux jours de travaux, plusieurs recommandations ont \u00e9t\u00e9 adopt\u00e9es \u00e0 l\u2019endroit des \u00c9tats et de la PRA-UEMOA-Guin\u00e9e.<br \/>\nLes participants pr\u00e9conisent notamment l\u2019adaptation des cadres l\u00e9gislatifs et r\u00e9glementaires pour une r\u00e9gulation plus efficace des plateformes num\u00e9riques, l\u2019\u00e9largissement des comp\u00e9tences des organes de r\u00e9gulation aux plateformes num\u00e9riques et de partage, ainsi que l\u2019harmonisation des r\u00e9glementations relatives au num\u00e9rique et \u00e0 l\u2019intelligence artificielle dans l\u2019espace concern\u00e9.<br \/>\nLa plateforme est \u00e9galement appel\u00e9e \u00e0 favoriser une convergence r\u00e9glementaire entre les \u00c9tats, \u00e0 renforcer l\u2019\u00e9ducation aux m\u00e9dias et au num\u00e9rique, et \u00e0 mettre en \u0153uvre l\u2019accord de collaboration conclu avec l\u2019UEMOA en vue de l\u2019adoption de normes communautaires sur les r\u00e9seaux sociaux.<br \/>\nLes recommandations portent \u00e9galement sur le renforcement du dialogue avec les grandes plateformes num\u00e9riques, notamment autour de la transparence des algorithmes et de la mod\u00e9ration des contenus, ainsi que sur la r\u00e9gularit\u00e9 des travaux du Comit\u00e9 des juristes experts en r\u00e9gulation des m\u00e9dias et en TIC.<\/p>\n<p>Avec l\u2019\u00e9lection de Boubacar Yacine Diallo, la PRA-UEMOA-Guin\u00e9e entend ainsi ouvrir une nouvelle \u00e9tape de coop\u00e9ration r\u00e9gionale face aux transformations du num\u00e9rique, avec pour ambition de mieux prot\u00e9ger les citoyens, pr\u00e9server la coh\u00e9sion sociale et accompagner l\u2019\u00e9volution des m\u00e9dias sans porter atteinte aux libert\u00e9s fondamentales.<\/p>\n<p>&nbsp;<\/p>\n<p>Aboubacar Moussa Camara<\/p>\n","protected":false},"excerpt":{"rendered":"<p>La 12\u1d49 Assembl\u00e9e g\u00e9n\u00e9rale de la Plateforme des R\u00e9gulateurs de l\u2019Audiovisuel des Pays Membres de l\u2019UEMOA et de la Guin\u00e9e (PRA-UEMOA-Guin\u00e9e) a pris fin ce mardi 1er septembre 2026 \u00e0 Conakry. Au terme de deux jours d\u2019\u00e9changes consacr\u00e9s notamment aux enjeux de la r\u00e9gulation des r\u00e9seaux sociaux, le pr\u00e9sident de la Haute Autorit\u00e9 de la [&hellip;]<\/p>\n","protected":false},"author":2,"featured_media":9982,"comment_status":"closed","ping_status":"closed","sticky":false,"template":"","format":"standard","meta":{"_jetpack_newsletter_access":"","_jetpack_dont_email_post_to_subs":false,"_jetpack_newsletter_tier_id":0,"_jetpack_memberships_contains_paywalled_content":false,"_jetpack_feature_clip_id":0,"_jetpack_memberships_contains_paid_content":false,"footnotes":"","jetpack_publicize_message":"","jetpack_publicize_feature_enabled":true,"jetpack_social_post_already_shared":true,"jetpack_social_options":{"image_generator_settings":{"template":"highway","default_image_id":0,"font":"","enabled":false},"version":2},"jetpack_post_was_ever_published":false},"categories":[30,24],"tags":[1854,1102,1863],"class_list":["post-9981","post","type-post","status-publish","format-standard","has-post-thumbnail","category-faits-divers","category-news","tag-boubacar-yacine-diallo","tag-hac","tag-uemoa"],"jetpack_publicize_connections":[],"jetpack_sharing_enabled":true,"jetpack_featured_media_url":"https:\/\/ledenonciateur224.com\/wp-content\/uploads\/2026\/09\/fb-img-1788337080681.jpg","_links":{"self":[{"href":"https:\/\/ledenonciateur224.com\/index.php\/wp-json\/wp\/v2\/posts\/9981","targetHints":{"allow":["GET"]}}],"collection":[{"href":"https:\/\/ledenonciateur224.com\/index.php\/wp-json\/wp\/v2\/posts"}],"about":[{"href":"https:\/\/ledenonciateur224.com\/index.php\/wp-json\/wp\/v2\/types\/post"}],"author":[{"embeddable":true,"href":"https:\/\/ledenonciateur224.com\/index.php\/wp-json\/wp\/v2\/users\/2"}],"replies":[{"embeddable":true,"href":"https:\/\/ledenonciateur224.com\/index.php\/wp-json\/wp\/v2\/comments?post=9981"}],"version-history":[{"count":1,"href":"https:\/\/ledenonciateur224.com\/index.php\/wp-json\/wp\/v2\/posts\/9981\/revisions"}],"predecessor-version":[{"id":9983,"href":"https:\/\/ledenonciateur224.com\/index.php\/wp-json\/wp\/v2\/posts\/9981\/revisions\/9983"}],"wp:featuredmedia":[{"embeddable":true,"href":"https:\/\/ledenonciateur224.com\/index.php\/wp-json\/wp\/v2\/media\/9982"}],"wp:attachment":[{"href":"https:\/\/ledenonciateur224.com\/index.php\/wp-json\/wp\/v2\/media?parent=9981"}],"wp:term":[{"taxonomy":"category","embeddable":true,"href":"https:\/\/ledenonciateur224.com\/index.php\/wp-json\/wp\/v2\/categories?post=9981"},{"taxonomy":"post_tag","embeddable":true,"href":"https:\/\/ledenonciateur224.com\/index.php\/wp-json\/wp\/v2\/tags?post=9981"}],"curies":[{"name":"wp","href":"https:\/\/api.w.org\/{rel}","templated":true}]}}